{"id":31745,"date":"2021-03-22T11:30:07","date_gmt":"2021-03-22T11:30:07","guid":{"rendered":"https:\/\/sportsrabbi.com\/?p=31745"},"modified":"2021-04-01T15:01:50","modified_gmt":"2021-04-01T15:01:50","slug":"spacing-in-europa-ich-glaube-dass-europa-da-hinterherhinkt-martin-schiller-im-interview","status":"publish","type":"post","link":"https:\/\/sportsrabbi.com\/en\/spacing-in-europa-ich-glaube-dass-europa-da-hinterherhinkt-martin-schiller-im-interview\/","title":{"rendered":"Spacing in Europa: \u201eIch glaube, dass Europa da hinterherhinkt\u201c \u2013 Martin Schiller im Interview"},"content":{"rendered":"<p><strong>Seit Sommer 2020 ist Martin Schiller aktiv als Headcoach bei Zalgiris Kaunas und trat dort in die gro\u00dfen Fu\u00dfstapfen von Sarunas Jasikevicius. Aktuell rangiert der ehemalige Assistenztrainer der Artland Dragons und MHP RIESEN Ludwigsburg mit Kaunas bei einer ausgeglichenen Bilanz (15 Siege, 15 Niederlagen) auf Platz 11 der EuroLeague. Damit fuhr der Klub bisher sogar eine bessere Bilanz ein als in der Vorsaison (12 Siege, 16 Niederlagen). Im Interview mit <i>The Sports Rabbi <\/i>spricht Martin Schiller \u00fcber sein erstes Jahr in Kaunas und seine Bewertung des bisherigen Saisonverlaufs. Dar\u00fcber hinaus schildert er Einfl\u00fcsse in seinem Werdegang als Trainer und rei\u00dft an, dass und wie der deutsche Basketball Trainer aus den eigenen Reihen st\u00e4rker f\u00f6rdern k\u00f6nnte. Dabei macht er brisante \u00c4u\u00dferungen dazu, wie er als Trainer in verschiedenen L\u00e4ndern wahrgenommen wird. Zudem spricht er als langj\u00e4hriger Cheftrainer der Salt Lake City Stars (G-League-Kooperationsteam der Utah Jazz) \u00fcber Zalgiris-Toptalent Rokas Jokubaitis und \u00fcber wesentliche Unterschiede zwischen dem nordamerikanischen und dem europ\u00e4ischen Basketball. Da der Verfasser des vorliegenden Interviews Martin Schiller noch aus fr\u00fcheren Tagen in Quakenbr\u00fcck kennt, wurde das Interview in der direkten Anredeform gef\u00fchrt.<\/strong><\/p>\n<p><strong>Lukas Feldhaus (LF):<\/strong> <em>\u201eDu warst in Quakenbr\u00fcck damals gemeinsam im Trainerstab mit dem ebenfalls sehr erfolgreichen Pedro Calles, der unter Stefan Koch noch Athletiktrainer war und sp\u00e4ter auch als Assistant Coach unter Tyron McCoy neben dir gearbeitet hat. Viele ehemalige Quakenbr\u00fccker Coaches haben Karriere gemacht: Arne Woltmann ist dein Assistant Coach in Kaunas, Tyron McCoy ist Assistant Coach in Ulm. Chris Fleming ist erster Assistant Coach in der NBA und Thorsten Leibenath war lange erfolgreich als Coach in Ulm. Bezogen auf die Zeit von dir und Pedro Calles in Quakenbr\u00fcck: Hat Stefan Koch einen besonderen Einfluss auf euch gehabt oder ist das Zufall?\u201c<\/em><\/p>\n<p><strong>Martin Schiller (MS):<\/strong> \u201eGute Frage. Das wei\u00df ich nat\u00fcrlich nicht. Aber eines steht fest: dass Stefan auf uns alle einen Einfluss hatte und dass Tyron auch einen extrem gro\u00dfen Einfluss hatte auf Pedro und mich. Das ist ganz klar. Mit Chris Fleming, der nach wie vor ein Haus in Quakenbr\u00fcck hat, und mit Arne, der auch immer noch seinen Wohnsitz dort hat und dessen Familie dort noch lebt \u2013 da sind schon richtig gute Trainer immer in dem kleinen Dorf gewesen. Die haben sich dann auch in Quakenbr\u00fcck gefunden: Obwohl ich f\u00fcr Chris Fleming nicht im Artland gearbeitet habe, ist es so, dass ich zum Beispiel f\u00fcr Chris dann bei der Nationalmannschaft gearbeitet habe, ihn aber in Quakenbr\u00fcck kennengelernt habe, als er nach Bamberg ein Jahr in Quakenbr\u00fcck verbracht hat und ich noch im Artland gearbeitet habe. Alleine durch diese regionale N\u00e4he sind da Verbindungen entstanden. Aber du hast Recht: Da haben sich ganz viele gute Trainer geballt \u2013 eine tolle Zeit. Aber warum das jetzt genau so ist, wei\u00df ich nicht.\u201c<\/p>\n<h3 style=\"text-align: center;\"><em>\u201eWie man die deutschen Spieler sch\u00fctzt mit der Quotenregel\u201c<\/h3>\n<p><strong>LF:<\/strong> \u201eDu sagtest w\u00e4hrend deiner Zeit in Quakenbr\u00fcck im Burgmannspiegel, dass Stefan Koch einen sehr gro\u00dfen Wert darauf legte, dass die Assistant Coaches schon Headcoach-Aufgaben im Training hatten, zum Beispiel auch Trainingseinheiten leiteten. War das auch sehr wichtig f\u00fcr dich in deiner Entwicklung als Trainer, auch wenn du damals nicht alleiniger Assistant warst, sondern mit Tyron McCoy noch ein zweiter an deiner Seite war?\u201c<\/em><br \/>\n<div id=\"attachment_31701\" style=\"width: 960px\" class=\"wp-caption aligncenter\"><img loading=\"lazy\" decoding=\"async\" aria-describedby=\"caption-attachment-31701\" src=\"https:\/\/sportsrabbi.com\/wp-content\/uploads\/2021\/03\/a6ccd93b-martin-schiller-celebrates-zalgiris-kaunas-eb20.jpg\" alt=\"\" width=\"950\" height=\"500\" class=\"size-full wp-image-31701\" srcset=\"https:\/\/sportsrabbi.com\/wp-content\/uploads\/2021\/03\/a6ccd93b-martin-schiller-celebrates-zalgiris-kaunas-eb20.jpg 950w, https:\/\/sportsrabbi.com\/wp-content\/uploads\/2021\/03\/a6ccd93b-martin-schiller-celebrates-zalgiris-kaunas-eb20-300x158.jpg 300w, https:\/\/sportsrabbi.com\/wp-content\/uploads\/2021\/03\/a6ccd93b-martin-schiller-celebrates-zalgiris-kaunas-eb20-768x404.jpg 768w\" sizes=\"(max-width: 950px) 100vw, 950px\" \/><p id=\"caption-attachment-31701\" class=\"wp-caption-text\">Martin Schiller &#8211; Photo Credit: Euroleague<\/p><\/div><\/p>\n<p><strong>MS:<\/strong> \u201eDamals war Tyron ganz klar der Assistant. Aber ja \u2013 absolut. Stefan und Tyron haben sehr gro\u00dfen Einfluss auf mich gehabt und haben nach wie vor gro\u00dfen Einfluss auf mich. Ich bin nach wie vor extrem eng mit denen befreundet. Die Co-Trainer-Aufgaben, die man bei beiden [Stefan Koch war von 2010 bis 2013 Headcoach der Artland Dragons, Tyron McCoy von 2013 bis 2015, Anm. d. Red.] hatte, waren toll, vielreichend, vielf\u00e4ltig und waren nicht nur limitiert darauf, dazustehen, zu analysieren und nichts zu machen im Training. Das hat ganz bestimmt Einfluss genommen auf mich.\u201c<\/p>\n<p><strong>LF:<\/strong> <em>\u201eWas mich schon wundert, ist, dass du damals keine Chance bekamst, als BBL-Headcoach zu arbeiten \u2013 korrigiere mich, wenn ich falschliege. Es gab damals Stimmen, wonach du dich in Gie\u00dfen f\u00fcr die Headcoach-Position vorstelltest, und am Ende nahm der Klub Ingo Freyer. Das finde ich zumindest sehr \u00fcberraschend, dass es da im Anschluss an das Ludwigsburg-Engagement [nach der Saison 2016\/17, Anm. d. Red.] keine Anstellung gab, da du aus deinen Trainerst\u00e4ben auch immer sehr gelobt wurdest. Du hast in Deutschland sehr viele Trainerschritte gemacht. Denkst du, dass in Deutschland zu wenig Mut vorhanden ist, jemanden aus den eigenen Reihen hochzuziehen?\u201c<\/em><\/p>\n<div id=\"attachment_31707\" style=\"width: 660px\" class=\"wp-caption aligncenter\"><img loading=\"lazy\" decoding=\"async\" aria-describedby=\"caption-attachment-31707\" class=\"size-full wp-image-31707\" src=\"https:\/\/sportsrabbi.com\/wp-content\/uploads\/2021\/03\/cc-schiller.jpg\" alt=\"\" width=\"650\" height=\"325\" srcset=\"https:\/\/sportsrabbi.com\/wp-content\/uploads\/2021\/03\/cc-schiller.jpg 650w, https:\/\/sportsrabbi.com\/wp-content\/uploads\/2021\/03\/cc-schiller-300x150.jpg 300w\" sizes=\"(max-width: 650px) 100vw, 650px\" \/><p id=\"caption-attachment-31707\" class=\"wp-caption-text\">Martin Schiller &#8211; Photo Credit: Euroleague<\/p><\/div>\n<p><strong>MS:<\/strong> \u201eIm Nachhinein war es wahrscheinlich das Beste, was passiert ist, dass ich den Job in Gie\u00dfen nicht bekommen habe \u2013 nicht weil Gie\u00dfen kein guter Standort w\u00e4re oder so. Gar nicht. Sondern weil meine Zeit in der G-League das Beste ist, was mir \u00fcberhaupt passiert ist. Es ist ja kein Geheimnis, dass deutsche Trainer in Deutschland nicht gesch\u00fctzt und nicht gef\u00f6rdert werden. Das ist auch gar nicht schlimm und das ist auch keine Heulerei oder Kritik, sondern nur eine Darstellung der Tatsachen. Da muss man dann schauen: War das Ei oder das Huhn zuerst da? Was ist das Problem? Gibt es keine Trainer? Oder gibt es keinen Mut, die Trainer zu f\u00f6rdern? Wahrscheinlich ist es eine Kombination aus beidem: Wenn man als deutscher Trainer nie einen deutschen Trainer sieht, der da drau\u00dfen ist, Erfolg hat und sich entwickeln kann, dann glaubt man vielleicht auch nicht daran. Auf der anderen Seite \u2013 wenn man das nie sieht, weil es nie aktiv gef\u00f6rdert wird \u2013, dann glaubt der Klub auch nicht daran. Ich glaube, da tritt so beides ein. Das ist keine Kritik an die Klubs per se \u2013 nein. Ich glaube, dass das Teil unserer Basketballkultur ist.<\/p>\n<p>Das ist in anderen L\u00e4ndern anders. Das ist in Spanien ganz anders, wo per Regeln Spanier gef\u00f6rdert werden. Das ist in Litauen ganz anders. Es ist zwar nur eine kleine Liga, aber es gibt nur zwei nicht litauische Trainer. Ich bin der f\u00fcnfte oder sechste nicht litauische Trainer in der Geschichte von Zalgiris. Das gibt es ganz selten auch hier. Das w\u00e4re nat\u00fcrlich sehr w\u00fcnschenswert, wenn man das auch sch\u00fctzen w\u00fcrde in einer gewissen Art und Weise \u2013 so wie man die deutschen Spieler sch\u00fctzt mit der Quotenregel. Ich glaube aber auch ganz stark, dass es nur dar\u00fcber gehen wird. Ich habe da \u00fcberhaupt keinen Groll und im \u00dcbrigen hat es mich auch gar nicht \u00fcberrascht damals \u2013 eben auch deswegen. Dann muss man halt einen anderen Weg gehen. Ich habe da auch \u00fcberhaupt keine schlechten Gef\u00fchle, Groll oder etwas in dieser Richtung.\u201c<\/p>\n<h3 style=\"text-align: center;\">\u201eHier werde ich mehr als amerikanischer Trainer gesehen. In Amerika war ich Europ\u00e4er. In Deutschland war ich kein Deutscher, sondern \u00d6sterreicher.\u201c<\/h3>\n<p><strong>LF:<\/strong> <em>\u201eDu selbst warst ja auch fast nur in Deutschland aktiv in deinem Werdegang.\u201c<\/em><\/p>\n<p><strong>MS:<\/strong> \u201eJa, ich sehe mich schon als deutschen Trainer. Der deutsche Basketball ist meine Heimat. Dort komme ich her und habe Basketball gelernt. Wenn du mich fragst, was ich bin, dann bin ich ein deutscher Trainer. Jetzt ist nat\u00fcrlich die Tatsache, dass ich es de facto nicht bin. Das spielt auch eine Rolle.\u201c<\/p>\n<p><div id=\"attachment_31709\" style=\"width: 650px\" class=\"wp-caption aligncenter\"><img loading=\"lazy\" decoding=\"async\" aria-describedby=\"caption-attachment-31709\" class=\"size-full wp-image-31709\" src=\"https:\/\/sportsrabbi.com\/wp-content\/uploads\/2021\/03\/c49.jpg\" alt=\"\" width=\"640\" height=\"320\" srcset=\"https:\/\/sportsrabbi.com\/wp-content\/uploads\/2021\/03\/c49.jpg 640w, https:\/\/sportsrabbi.com\/wp-content\/uploads\/2021\/03\/c49-300x150.jpg 300w\" sizes=\"(max-width: 640px) 100vw, 640px\" \/><p id=\"caption-attachment-31709\" class=\"wp-caption-text\">Martin Schiller &#8211; Photo Credit: Euroleague<\/p><\/div><br \/>\n<strong>LF:<\/strong> <em>\u201eDie Herkunft ist ja egal.\u201c<\/em><\/p>\n<p><strong>MS:<\/strong> \u201eDas ist immer abgefahren. Manchmal werde ich so gesehen, manchmal so. Hier werde ich mehr als amerikanischer Trainer angesehen als als deutscher Trainer. In Amerika war ich Europ\u00e4er. In Deutschland war ich kein Deutscher, sondern \u00d6sterreicher. Das ist manchmal gut, manchmal schlecht. Aber es ist, wie es ist \u2013 alles okay.\u201c<\/p>\n<p><strong>LF:<\/strong> <em>\u201eNun stehst du in deinem ersten Jahr in Kaunas. Die EuroLeague-Saison ist fast vorbei. Wie zufrieden bist du mit deiner ersten Spielzeit in Kaunas? Wie hast du auch das Leben in Kaunas wahrgenommen in dieser speziellen Saison?\u201c<\/em><\/p>\n<p><strong>MS:<\/strong> \u201eEs sind noch vier Spiele zu spielen. Diese vier Spiele sind wichtig f\u00fcr uns, um dann die Ergebnisse und die Lehren daraus zu ziehen. Wenn die Saison jetzt vorbei w\u00e4re, m\u00fcsste man sie als extrem erfolgreich bezeichnen, weil wir 15 Siege haben aus 30 Spielen, mit einem Budget, das unten anzusiedeln ist \u2013 mit einer Mannschaft, die als einziger Klub nicht nachverpflichtet hat. Wir haben das ganze Jahr ohne Patricio Garino gespielt. Das hei\u00dft, wir haben mit vier bzw. f\u00fcnf internationalen Spielern gespielt. All das \u2013 dazu 20 Prozent weniger Budget als letztes Jahr \u2013 in Summe genommen f\u00fchrt die Saison zu diesem Zeitpunkt zu einer erfolgreichen Saison. Aber es sind noch vier Spiele zu absolvieren, und die Art und Weise, wie wir in diesen vier Spielen performen, ist wichtig, auch um dann ganz am Ende wirklich das Ganze zu analysieren. Was gut ist, ist, dass wir momentan die Playoffs noch erreichen k\u00f6nnen. Die Chance ist nicht mehr besonders hoch. Mit vier Siegen aus vier Spielen werden wir es h\u00f6chstwahrscheinlich schaffen. Aber mit drei Siegen wird es schon ganz, ganz schwer. Da w\u00e4ren wir sehr abh\u00e4ngig von ganz verschiedensten Szenarien. Theoretisch k\u00f6nnten wir es noch mit zwei Siegen schaffen \u2013 aber daf\u00fcr m\u00fcssten so viele Szenarien zusammenspielen, die alle nicht so ganz realistisch sind.<\/p>\n<p>Ansonsten: Das ist eine spannende Basketballstadt und ein spannendes Basketballland nat\u00fcrlich. Dadurch, dass es die Pandemie gibt, habe ich die Stadt und das Land in ihrer Euphorie bisher nicht so kennengelernt, wie es normal der F\u00e4lle w\u00e4re \u2013 weil wir einfach ohne Fans spielen und man auf den Stra\u00dfen auch nicht so viele Leute trifft. Ich freue mich darauf, das in der kommenden Saison kennenzulernen und zu erleben, sofern das Besiegen der Pandemie das erlaubt.\u201c<\/p>\n<p><strong>LF:<\/strong> <em>\u201eDu sprichst die Pandemie an. Normal h\u00e4ttet ihr bei Heimspielen mit Fans einen riesigen Vorteil. Wie wichtig ist es allgemein in dieser Pandemie \u2013 gerade bei internationalen Spielern \u2013, besondere Mittel im Teambuilding einflie\u00dfen zu lassen, um die Saison herumzukommen bzw. ein gutes Flair im Team zu schaffen?\u201c<\/em><\/p>\n<p><strong>MS:<\/strong> \u201eIch habe nicht den Eindruck, dass wir hier auf der letzten Rille laufen und uns bis zum Ende der Saison hangeln m\u00fcssen. Das ist eine gute Mannschaft, die einen guten Zusammenhalt und einen guten Charakter hat. Wir sind noch nicht an diesem wunden Punkt, wo man nur noch guckt, wie man \u00fcber das Ganze dr\u00fcberkommt. Daf\u00fcr sind wir noch zu weit weg. Die Saison ist noch zweieinhalb Monate lang. Es geht momentan darum, die EuroLeague-Saison so stark wie m\u00f6glich zu beenden. Wenn es hei\u00dft, dass wir die Playoffs schaffen, w\u00e4re das toll. Aber es geht mehr um den Prozess \u2013 mehr um die Qualit\u00e4t des Spiels. Und dann gucken wir weiter, Energie zu finden, um stark in die Playoffs in Litauen zu gehen.\u201c<\/p>\n<h3 style=\"text-align: center;\">Stand jetzt \u201eeine extrem erfolgreiche Saison\u201c<\/h3>\n<p><strong>LF:<\/strong> <em>\u201eBei welchen Zielen, die du dir vor der Saison genommen hast, siehst du das Team auf einem guten Weg und wo ist noch mehr Luft nach oben? Vor der Saison sagtest du bei Magenta Sport und Got Nexxt, dass ein Ziel auch darin besteht, den Trainerstab \u2013 auch im Jugendbereich \u2013 ein St\u00fcck weit zu koordinieren und weiterzuentwickeln. Wie siehst du den Klub bisher im Hinblick auf die Ziele?\u201c<\/em><\/p>\n<div id=\"attachment_31697\" style=\"width: 1510px\" class=\"wp-caption aligncenter\"><img loading=\"lazy\" decoding=\"async\" aria-describedby=\"caption-attachment-31697\" class=\"size-full wp-image-31697\" src=\"https:\/\/sportsrabbi.com\/wp-content\/uploads\/2021\/03\/arturas-milaknis-zalgiris-kaunas-eb20.jpg\" alt=\"\" width=\"1500\" height=\"1125\" srcset=\"https:\/\/sportsrabbi.com\/wp-content\/uploads\/2021\/03\/arturas-milaknis-zalgiris-kaunas-eb20.jpg 1500w, https:\/\/sportsrabbi.com\/wp-content\/uploads\/2021\/03\/arturas-milaknis-zalgiris-kaunas-eb20-300x225.jpg 300w, https:\/\/sportsrabbi.com\/wp-content\/uploads\/2021\/03\/arturas-milaknis-zalgiris-kaunas-eb20-1024x768.jpg 1024w, https:\/\/sportsrabbi.com\/wp-content\/uploads\/2021\/03\/arturas-milaknis-zalgiris-kaunas-eb20-768x576.jpg 768w, https:\/\/sportsrabbi.com\/wp-content\/uploads\/2021\/03\/arturas-milaknis-zalgiris-kaunas-eb20-1080x810.jpg 1080w\" sizes=\"(max-width: 1500px) 100vw, 1500px\" \/><p id=\"caption-attachment-31697\" class=\"wp-caption-text\">Arturas Milaknis &#8211; Photo Credit: Euroleague<\/p><\/div>\n<p><strong>MS:<\/strong> \u201eDer momentane Stand ist, dass wir uns offensiv steigern m\u00fcssen. Wir haben die Saison offensiv extrem stark begonnen. Wir haben uns dann defensiv weiterentwickelt und sind defensiv stabiler geworden, aber haben nun Probleme auch offensiv. Das hat verschiedenste Gr\u00fcnde. Das hat auch viel mit dem Personal zu tun. Dadurch, dass Arturas Milaknis verletzt ist, fehlt uns unser bester Sch\u00fctze. Wir sind eine Mannschaft, die aufgrund der Kaderzusammenstellung extrem wenige Dreier wirft. Mit ihm fehlt uns der entscheidende Drei-Punkte-Sch\u00fctze, der uns das Feld weitmacht. Allerdings kann man das nicht nur darauf schieben.<\/p>\n<p>Alle anderen Dinge: Die Zusammenarbeit mit dem Jugendbereich ist sehr gut. Wir haben einen 18- und einen 16-J\u00e4hrigen in den Kader aufgenommen, die am Anfang des Jahres nicht Bestand des Kaders waren \u2013 die auch schon echte Spielzeit in der LKL gesehen haben. Das ist am Ende die ultimative F\u00f6rderung eines Jugendlichen, wenn man sie spielen l\u00e4sst \u2013 wenn ein Klub das Interesse hat, Spieler auszubilden, die eine gewisse Qualit\u00e4t haben, und diese in der Zusammenarbeit mit der ersten Mannschaft auch eine Chance und Minuten bekommen, um auch da reinzuschuppern. Das l\u00e4uft gut. Alles in allem, was das Umfeld angeht, gab es eine sehr gute Gew\u00f6hnung von mir an das Umfeld, und mit der Entwicklung des Umfelds bin ich sehr zufrieden.\u201c<\/p>\n<p><strong>LF:<\/strong> <em>\u201eEin junger Spieler mit viel Einsatzzeit bei euch ist Rokas Jokubaitis, der auch im Blickfeld der NBA ist. Er spielt bei euch sehr viel auf der Position Zwei neben euren beiden Point Guards, Thomas Walkup und Lukas Lekavicius. Wie siehst du seine Entwicklung und wie siehst du ihn positionell, wenn wir \u00fcber das n\u00e4chste Level sprechen, auch wenn er jetzt schon auf extrem hohem Level aktiv ist?\u201c<\/em><\/p>\n<div id=\"attachment_31699\" style=\"width: 1510px\" class=\"wp-caption aligncenter\"><img loading=\"lazy\" decoding=\"async\" aria-describedby=\"caption-attachment-31699\" class=\"size-full wp-image-31699\" src=\"https:\/\/sportsrabbi.com\/wp-content\/uploads\/2021\/03\/rokas-jokubaitis-zalgiris-kaunas-eb20.jpg\" alt=\"\" width=\"1500\" height=\"1000\" srcset=\"https:\/\/sportsrabbi.com\/wp-content\/uploads\/2021\/03\/rokas-jokubaitis-zalgiris-kaunas-eb20.jpg 1500w, https:\/\/sportsrabbi.com\/wp-content\/uploads\/2021\/03\/rokas-jokubaitis-zalgiris-kaunas-eb20-300x200.jpg 300w, https:\/\/sportsrabbi.com\/wp-content\/uploads\/2021\/03\/rokas-jokubaitis-zalgiris-kaunas-eb20-1024x683.jpg 1024w, https:\/\/sportsrabbi.com\/wp-content\/uploads\/2021\/03\/rokas-jokubaitis-zalgiris-kaunas-eb20-768x512.jpg 768w, https:\/\/sportsrabbi.com\/wp-content\/uploads\/2021\/03\/rokas-jokubaitis-zalgiris-kaunas-eb20-1080x720.jpg 1080w\" sizes=\"(max-width: 1500px) 100vw, 1500px\" \/><p id=\"caption-attachment-31699\" class=\"wp-caption-text\">Rokas Jokubaitis &#8211; Photo Credit: Euroleague<\/p><\/div>\n<p><strong>MS:<\/strong> \u201eErst einmal muss man sagen, dass er einer von zwei Spielern in seinem Alter in der EuroLeague ist, die ernsthafte Spielanteile bekommen mit 20+ Minuten. Positionell sehe ich ihn momentan als einen Combo Guard, der beide Positionen spielen kann und der f\u00fcr uns auch beide Positionen spielt, vor allem in Situationen, in denen einer der Point Guards raus ist \u2013 ob einer eine Pause bekommt oder verletzungsbedingt raus ist. Diese Situationen hatten wir. Wir hatten auch Situationen in Litauen, in denen er komplett nur auf der Point-Guard-Position gespielt hat. In Nordamerika sehe ich ihn als Point Guard.<\/p>\n<p>Die Point-Guard-Position in Nordamerika und hier ist anders. In Europa verlangen wir noch viel mehr Organisation. In Nordamerika ist das Scoring und eine gewisse Dynamik auf der Point-Guard-Position mehr gefragt als die reine Organisation. Daher sehe ich da kein gro\u00dfes Problem f\u00fcr ihn in Nordamerika, als Point Guard zu spielen. Abgesehen davon ist er auch zu klein, um Off-Guard zu sein in Nordamerika. Daher sehe ich ihn \u2013 wenn ich es jetzt sagen m\u00fcsste \u2013 als Combo. Aber das Entscheidende ist, dass er sich entwickelt in Pick-and-Roll-Situationen \u2013 in seinem Entscheidungsverhalten, in seinem Passverhalten. Da hat er riesige Schritte nach vorne gemacht. Das finde ich immer viel wichtiger als die grundlegende Diskussion, ob man auf der Point-Guard- oder auf der Off-Guard-Position spielt.\u201c<\/p>\n<h3 style=\"text-align: center;\">\u201eDer gr\u00f6\u00dfte Unterschied besteht darin, dass in Europa noch viel mehr aufgepostet wird.\u201c<\/h3>\n<p><strong>LF:<\/strong> <em>\u201eVor ein paar Jahren traf Brad Stevens bei AP News im Hinblick auf Positionen die Aussage, dass es eigentlich nur Ballhandlers, Wings und Bigs gibt. Ich habe den Eindruck, dass in der EuroLeague noch sehr stigmatisiert gespielt wird, was Positionen betrifft. Wie siehst du das? Welche Ursachen siehst du daf\u00fcr, falls du das auch so sehen solltest?\u201c<\/em><\/p>\n<div id=\"attachment_31703\" style=\"width: 1310px\" class=\"wp-caption aligncenter\"><img loading=\"lazy\" decoding=\"async\" aria-describedby=\"caption-attachment-31703\" class=\"size-full wp-image-31703\" src=\"https:\/\/sportsrabbi.com\/wp-content\/uploads\/2021\/03\/martin-schiller-zalgiris-kaunas.jpg\" alt=\"\" width=\"1300\" height=\"480\" srcset=\"https:\/\/sportsrabbi.com\/wp-content\/uploads\/2021\/03\/martin-schiller-zalgiris-kaunas.jpg 1300w, https:\/\/sportsrabbi.com\/wp-content\/uploads\/2021\/03\/martin-schiller-zalgiris-kaunas-300x111.jpg 300w, https:\/\/sportsrabbi.com\/wp-content\/uploads\/2021\/03\/martin-schiller-zalgiris-kaunas-1024x378.jpg 1024w, https:\/\/sportsrabbi.com\/wp-content\/uploads\/2021\/03\/martin-schiller-zalgiris-kaunas-768x284.jpg 768w, https:\/\/sportsrabbi.com\/wp-content\/uploads\/2021\/03\/martin-schiller-zalgiris-kaunas-1080x399.jpg 1080w\" sizes=\"(max-width: 1300px) 100vw, 1300px\" \/><p id=\"caption-attachment-31703\" class=\"wp-caption-text\">Martin Schiller &#8211; Photo Credit: Euroleague<\/p><\/div>\n<p><strong>MS:<\/strong> \u201eIch w\u00fcrde dir zustimmen. Der gr\u00f6\u00dfte Unterschied besteht darin, dass in Europa noch viel mehr aufgepostet wird auf den gro\u00dfen Positionen \u2013 vor allen Dingen aber auch auf der Vier. Demnach gibt es in Europa noch immer viel mehr Vierer, die den Ball nicht werfen k\u00f6nnen, sondern mehr gro\u00df und schwer sind und aufposten. Und wenn du das selbst offensiv nicht machen m\u00f6chtest, brauchst du wenigstens in irgendeiner Form gen\u00fcgend Physis, um gegen Gegner, die das machen, gegenzuhalten. Es ist richtig, was Brad Stevens sagt: Es gibt in der NBA eigentlich kaum bis keine Vierer, die den Ball nicht werfen k\u00f6nnen. Zudem wird nicht aufgepostet. Es wird auch auf der F\u00fcnf nicht aufgepostet. Dadurch ist das Feld wesentlich weiter und daher macht die Aussage, die er getroffen hat, komplett Sinn. Sie ist auch richtig: Es gibt Ballhandlers und es gibt Wings \u2013 und die Wings sind gleichzeitig die Vierer. Dann gibt es Bigs \u2013 diese sind Screen-and-Roll Bigs und nicht Post-up Bigs.<\/p>\n<p>Ich bringe dir ein Beispiel: Die Utah Jazz bzw. die meisten Teams spielen auf der Position Vier mit gro\u00dfen Dreiern. Hier ist es so, dass man auf der Vier noch Spieler findet, die positionsm\u00e4\u00dfig eher eine Vier\/F\u00fcnf sind. Das ist schon ein gewaltiger Unterschied. Dann gibt es das Thema <i>Ballhandling<\/i>, wo auch Positionen verschwinden. Utah Jazz spielt mit Donovan Mitchell auch auf der Point-Guard-Position. Das ist nicht seine nat\u00fcrliche Position \u2013 er ist ein Combo Guard. Es macht dort aber nichts. Es ist ein Open Court, es gibt sehr viel Platz. Es werden sehr viele Vorteile daraus generiert, dass er mit seiner Dynamik attackiert. Der Wunsch nach diesen Vorteilen \u00fcberwiegt gegen\u00fcber reiner traditioneller Organisation eines Point Guards in Europa. Die Point-Guard-Position wird in Europa noch immer anders interpretiert als in Amerika.\u201c<\/p>\n<p><strong>LF:<\/strong> <em>\u201eBojan Bogdanovic spielte bei Fenerbahce damals teilweise sogar auf der Zwei und spielt nun f\u00fcr Utah wie auch Royce O\u2018Neale auf der Vier. W\u00fcrde ein EuroLeague-Team bei einer Rekrutierung in diesem Sinne Probleme bekommen wegen der Tatsache, die du genannt hast: dass noch Match-ups auf dich warten, bei denen dich ein Vierer noch im Post schlagen kann? Oder glaubst du, dass dies eine Entwicklung ist, mit der ein EuroLeague-Team die Chance haben kann, mehr Erfolg zu erzielen?\u201c<\/em><\/p>\n<p><strong>MS:<\/strong> \u201eIch glaube, dass die Tendenz da absolut hingehen wird, und glaube \u00fcberhaupt nicht, dass man damit ein Problem hat. Die offensiv beste und auch letztes Jahr beste Mannschaft der EuroLeague, Efes, spielt genau so: mit zwei Stretch Bigs auf der Vier. Mailand, derzeit Dritter, spielt genau so \u2013 postet \u00fcberhaupt nicht auf, sondern ist komplett gestretcht und kreiert so viel Platz wie m\u00f6glich. Es gibt also schon zwei Beispiele aus den Top-3-Teams, die es genau so machen. Ich glaube, dass die Tendenz ganz klar dorthin geht. Ich glaube, dass Europa da hinterherhinkt und dass das eine Welle sein wird, die kommen wird. Ich bin ganz stark davon \u00fcberzeugt, dass Spacing, der Platz und der Drei-Punkte-Wurf wesentlich mehr Wert hat als ein Post-up.\u201c<\/p>\n<p><strong>LF:<\/strong> <em>\u201eVielen Dank f\u00fcr die Zeit und weiterhin viel Erfolg f\u00fcr die n\u00e4chsten Spiele.\u201c<\/em><\/p>\n","protected":false},"excerpt":{"rendered":"<p>Seit Sommer 2020 ist Martin Schiller aktiv als Headcoach bei Zalgiris Kaunas und trat dort in die gro\u00dfen Fu\u00dfstapfen von Sarunas Jasikevicius. Aktuell rangiert der ehemalige Assistenztrainer der Artland Dragons und MHP RIESEN Ludwigsburg mit Kaunas bei einer ausgeglichenen Bilanz (15 Siege, 15 Niederlagen) auf Platz 11 der EuroLeague. Damit fuhr der Klub bisher sogar [&hellip;]<\/p>\n","protected":false},"author":19,"featured_media":31695,"comment_status":"open","ping_status":"open","sticky":false,"template":"","format":"standard","meta":{"_et_pb_use_builder":"","_et_pb_old_content":"","_et_gb_content_width":"","footnotes":""},"categories":[9],"tags":[1860,4111],"class_list":["post-31745","post","type-post","status-publish","format-standard","has-post-thumbnail","hentry","category-holy-land-hoops","tag-martin-schiller","tag-rokas-jokubaitis","et-has-post-format-content","et_post_format-et-post-format-standard"],"yoast_head":"<!-- This site is optimized with the Yoast SEO plugin v27.3 - https:\/\/yoast.com\/product\/yoast-seo-wordpress\/ -->\n<title>Spacing in Europa: \u201eIch glaube, dass Europa da hinterherhinkt\u201c \u2013 Martin Schiller im Interview - Sports Rabbi<\/title>\n<meta name=\"description\" content=\"Seit Sommer 2020 ist Martin Schiller aktiv als Headcoach bei Zalgiris Kaunas und trat dort in die gro\u00dfen Fu\u00dfstapfen von Sarunas Jasikevicius.\" \/>\n<meta name=\"robots\" content=\"index, follow, max-snippet:-1, max-image-preview:large, max-video-preview:-1\" \/>\n<link rel=\"canonical\" href=\"https:\/\/sportsrabbi.com\/en\/spacing-in-europa-ich-glaube-dass-europa-da-hinterherhinkt-martin-schiller-im-interview\/\" \/>\n<meta property=\"og:locale\" content=\"en_US\" \/>\n<meta property=\"og:type\" content=\"article\" \/>\n<meta property=\"og:title\" content=\"Spacing in Europa: \u201eIch glaube, dass Europa da hinterherhinkt\u201c \u2013 Martin Schiller im Interview - Sports Rabbi\" \/>\n<meta property=\"og:description\" content=\"Seit Sommer 2020 ist Martin Schiller aktiv als Headcoach bei Zalgiris Kaunas und trat dort in die gro\u00dfen Fu\u00dfstapfen von Sarunas Jasikevicius.\" \/>\n<meta property=\"og:url\" content=\"https:\/\/sportsrabbi.com\/en\/spacing-in-europa-ich-glaube-dass-europa-da-hinterherhinkt-martin-schiller-im-interview\/\" \/>\n<meta property=\"og:site_name\" content=\"Sports Rabbi\" \/>\n<meta property=\"article:published_time\" content=\"2021-03-22T11:30:07+00:00\" \/>\n<meta property=\"article:modified_time\" content=\"2021-04-01T15:01:50+00:00\" \/>\n<meta property=\"og:image\" content=\"https:\/\/sportsrabbi.com\/wp-content\/uploads\/2021\/03\/martin-schiller-celebrates-zalgiris-kaunas-eb20.jpeg\" \/>\n\t<meta property=\"og:image:width\" content=\"1500\" \/>\n\t<meta property=\"og:image:height\" content=\"638\" \/>\n\t<meta property=\"og:image:type\" content=\"image\/jpeg\" \/>\n<meta name=\"author\" content=\"Lukas Feldhaus\" \/>\n<meta name=\"twitter:card\" content=\"summary_large_image\" \/>\n<meta name=\"twitter:label1\" content=\"Written by\" \/>\n\t<meta name=\"twitter:data1\" content=\"Lukas Feldhaus\" \/>\n\t<meta name=\"twitter:label2\" content=\"Est. reading time\" \/>\n\t<meta name=\"twitter:data2\" content=\"14 minutes\" \/>\n<script type=\"application\/ld+json\" class=\"yoast-schema-graph\">{\"@context\":\"https:\\\/\\\/schema.org\",\"@graph\":[{\"@type\":\"Article\",\"@id\":\"https:\\\/\\\/sportsrabbi.com\\\/en\\\/spacing-in-europa-ich-glaube-dass-europa-da-hinterherhinkt-martin-schiller-im-interview\\\/#article\",\"isPartOf\":{\"@id\":\"https:\\\/\\\/sportsrabbi.com\\\/en\\\/spacing-in-europa-ich-glaube-dass-europa-da-hinterherhinkt-martin-schiller-im-interview\\\/\"},\"author\":{\"name\":\"Lukas Feldhaus\",\"@id\":\"https:\\\/\\\/sportsrabbi.com\\\/en\\\/#\\\/schema\\\/person\\\/19373274fcfba96035cb88bf7d7fa966\"},\"headline\":\"Spacing in Europa: \u201eIch glaube, dass Europa da hinterherhinkt\u201c \u2013 Martin Schiller im Interview\",\"datePublished\":\"2021-03-22T11:30:07+00:00\",\"dateModified\":\"2021-04-01T15:01:50+00:00\",\"mainEntityOfPage\":{\"@id\":\"https:\\\/\\\/sportsrabbi.com\\\/en\\\/spacing-in-europa-ich-glaube-dass-europa-da-hinterherhinkt-martin-schiller-im-interview\\\/\"},\"wordCount\":3042,\"commentCount\":0,\"image\":{\"@id\":\"https:\\\/\\\/sportsrabbi.com\\\/en\\\/spacing-in-europa-ich-glaube-dass-europa-da-hinterherhinkt-martin-schiller-im-interview\\\/#primaryimage\"},\"thumbnailUrl\":\"https:\\\/\\\/sportsrabbi.com\\\/wp-content\\\/uploads\\\/2021\\\/03\\\/martin-schiller-celebrates-zalgiris-kaunas-eb20.jpeg\",\"keywords\":[\"Martin Schiller\",\"Rokas Jokubaitis\"],\"articleSection\":[\"Holyland Hoops\"],\"inLanguage\":\"en-US\",\"potentialAction\":[{\"@type\":\"CommentAction\",\"name\":\"Comment\",\"target\":[\"https:\\\/\\\/sportsrabbi.com\\\/en\\\/spacing-in-europa-ich-glaube-dass-europa-da-hinterherhinkt-martin-schiller-im-interview\\\/#respond\"]}]},{\"@type\":\"WebPage\",\"@id\":\"https:\\\/\\\/sportsrabbi.com\\\/en\\\/spacing-in-europa-ich-glaube-dass-europa-da-hinterherhinkt-martin-schiller-im-interview\\\/\",\"url\":\"https:\\\/\\\/sportsrabbi.com\\\/en\\\/spacing-in-europa-ich-glaube-dass-europa-da-hinterherhinkt-martin-schiller-im-interview\\\/\",\"name\":\"Spacing in Europa: \u201eIch glaube, dass Europa da hinterherhinkt\u201c \u2013 Martin Schiller im Interview - Sports Rabbi\",\"isPartOf\":{\"@id\":\"https:\\\/\\\/sportsrabbi.com\\\/en\\\/#website\"},\"primaryImageOfPage\":{\"@id\":\"https:\\\/\\\/sportsrabbi.com\\\/en\\\/spacing-in-europa-ich-glaube-dass-europa-da-hinterherhinkt-martin-schiller-im-interview\\\/#primaryimage\"},\"image\":{\"@id\":\"https:\\\/\\\/sportsrabbi.com\\\/en\\\/spacing-in-europa-ich-glaube-dass-europa-da-hinterherhinkt-martin-schiller-im-interview\\\/#primaryimage\"},\"thumbnailUrl\":\"https:\\\/\\\/sportsrabbi.com\\\/wp-content\\\/uploads\\\/2021\\\/03\\\/martin-schiller-celebrates-zalgiris-kaunas-eb20.jpeg\",\"datePublished\":\"2021-03-22T11:30:07+00:00\",\"dateModified\":\"2021-04-01T15:01:50+00:00\",\"author\":{\"@id\":\"https:\\\/\\\/sportsrabbi.com\\\/en\\\/#\\\/schema\\\/person\\\/19373274fcfba96035cb88bf7d7fa966\"},\"description\":\"Seit Sommer 2020 ist Martin Schiller aktiv als Headcoach bei Zalgiris Kaunas und trat dort in die gro\u00dfen Fu\u00dfstapfen von Sarunas Jasikevicius.\",\"inLanguage\":\"en-US\",\"potentialAction\":[{\"@type\":\"ReadAction\",\"target\":[\"https:\\\/\\\/sportsrabbi.com\\\/en\\\/spacing-in-europa-ich-glaube-dass-europa-da-hinterherhinkt-martin-schiller-im-interview\\\/\"]}]},{\"@type\":\"ImageObject\",\"inLanguage\":\"en-US\",\"@id\":\"https:\\\/\\\/sportsrabbi.com\\\/en\\\/spacing-in-europa-ich-glaube-dass-europa-da-hinterherhinkt-martin-schiller-im-interview\\\/#primaryimage\",\"url\":\"https:\\\/\\\/sportsrabbi.com\\\/wp-content\\\/uploads\\\/2021\\\/03\\\/martin-schiller-celebrates-zalgiris-kaunas-eb20.jpeg\",\"contentUrl\":\"https:\\\/\\\/sportsrabbi.com\\\/wp-content\\\/uploads\\\/2021\\\/03\\\/martin-schiller-celebrates-zalgiris-kaunas-eb20.jpeg\",\"width\":1500,\"height\":638,\"caption\":\"Martin Schiller - Photo Credit: Euroleague\"},{\"@type\":\"WebSite\",\"@id\":\"https:\\\/\\\/sportsrabbi.com\\\/en\\\/#website\",\"url\":\"https:\\\/\\\/sportsrabbi.com\\\/en\\\/\",\"name\":\"Sports Rabbi\",\"description\":\"The Home of Israeli Sports\",\"potentialAction\":[{\"@type\":\"SearchAction\",\"target\":{\"@type\":\"EntryPoint\",\"urlTemplate\":\"https:\\\/\\\/sportsrabbi.com\\\/en\\\/?s={search_term_string}\"},\"query-input\":{\"@type\":\"PropertyValueSpecification\",\"valueRequired\":true,\"valueName\":\"search_term_string\"}}],\"inLanguage\":\"en-US\"},{\"@type\":\"Person\",\"@id\":\"https:\\\/\\\/sportsrabbi.com\\\/en\\\/#\\\/schema\\\/person\\\/19373274fcfba96035cb88bf7d7fa966\",\"name\":\"Lukas Feldhaus\",\"image\":{\"@type\":\"ImageObject\",\"inLanguage\":\"en-US\",\"@id\":\"https:\\\/\\\/sportsrabbi.com\\\/wp-content\\\/uploads\\\/2020\\\/12\\\/F4Tbn5HW.jpg-large-150x150.jpeg\",\"url\":\"https:\\\/\\\/sportsrabbi.com\\\/wp-content\\\/uploads\\\/2020\\\/12\\\/F4Tbn5HW.jpg-large-150x150.jpeg\",\"contentUrl\":\"https:\\\/\\\/sportsrabbi.com\\\/wp-content\\\/uploads\\\/2020\\\/12\\\/F4Tbn5HW.jpg-large-150x150.jpeg\",\"caption\":\"Lukas Feldhaus\"},\"description\":\"Lukas Feldhaus is a global basketball expert and analyst located in Germany and a frequent guest on The Sports Rabbi Show. You can follow Lukas on Twitter @veilchenfeuer\",\"url\":\"https:\\\/\\\/sportsrabbi.com\\\/en\\\/author\\\/lukas-feldhaus\\\/\"}]}<\/script>\n<!-- \/ Yoast SEO plugin. -->","yoast_head_json":{"title":"Spacing in Europa: \u201eIch glaube, dass Europa da hinterherhinkt\u201c \u2013 Martin Schiller im Interview - Sports Rabbi","description":"Seit Sommer 2020 ist Martin Schiller aktiv als Headcoach bei Zalgiris Kaunas und trat dort in die gro\u00dfen Fu\u00dfstapfen von Sarunas Jasikevicius.","robots":{"index":"index","follow":"follow","max-snippet":"max-snippet:-1","max-image-preview":"max-image-preview:large","max-video-preview":"max-video-preview:-1"},"canonical":"https:\/\/sportsrabbi.com\/en\/spacing-in-europa-ich-glaube-dass-europa-da-hinterherhinkt-martin-schiller-im-interview\/","og_locale":"en_US","og_type":"article","og_title":"Spacing in Europa: \u201eIch glaube, dass Europa da hinterherhinkt\u201c \u2013 Martin Schiller im Interview - Sports Rabbi","og_description":"Seit Sommer 2020 ist Martin Schiller aktiv als Headcoach bei Zalgiris Kaunas und trat dort in die gro\u00dfen Fu\u00dfstapfen von Sarunas Jasikevicius.","og_url":"https:\/\/sportsrabbi.com\/en\/spacing-in-europa-ich-glaube-dass-europa-da-hinterherhinkt-martin-schiller-im-interview\/","og_site_name":"Sports Rabbi","article_published_time":"2021-03-22T11:30:07+00:00","article_modified_time":"2021-04-01T15:01:50+00:00","og_image":[{"width":1500,"height":638,"url":"https:\/\/sportsrabbi.com\/wp-content\/uploads\/2021\/03\/martin-schiller-celebrates-zalgiris-kaunas-eb20.jpeg","type":"image\/jpeg"}],"author":"Lukas Feldhaus","twitter_card":"summary_large_image","twitter_misc":{"Written by":"Lukas Feldhaus","Est. reading time":"14 minutes"},"schema":{"@context":"https:\/\/schema.org","@graph":[{"@type":"Article","@id":"https:\/\/sportsrabbi.com\/en\/spacing-in-europa-ich-glaube-dass-europa-da-hinterherhinkt-martin-schiller-im-interview\/#article","isPartOf":{"@id":"https:\/\/sportsrabbi.com\/en\/spacing-in-europa-ich-glaube-dass-europa-da-hinterherhinkt-martin-schiller-im-interview\/"},"author":{"name":"Lukas Feldhaus","@id":"https:\/\/sportsrabbi.com\/en\/#\/schema\/person\/19373274fcfba96035cb88bf7d7fa966"},"headline":"Spacing in Europa: \u201eIch glaube, dass Europa da hinterherhinkt\u201c \u2013 Martin Schiller im Interview","datePublished":"2021-03-22T11:30:07+00:00","dateModified":"2021-04-01T15:01:50+00:00","mainEntityOfPage":{"@id":"https:\/\/sportsrabbi.com\/en\/spacing-in-europa-ich-glaube-dass-europa-da-hinterherhinkt-martin-schiller-im-interview\/"},"wordCount":3042,"commentCount":0,"image":{"@id":"https:\/\/sportsrabbi.com\/en\/spacing-in-europa-ich-glaube-dass-europa-da-hinterherhinkt-martin-schiller-im-interview\/#primaryimage"},"thumbnailUrl":"https:\/\/sportsrabbi.com\/wp-content\/uploads\/2021\/03\/martin-schiller-celebrates-zalgiris-kaunas-eb20.jpeg","keywords":["Martin Schiller","Rokas Jokubaitis"],"articleSection":["Holyland Hoops"],"inLanguage":"en-US","potentialAction":[{"@type":"CommentAction","name":"Comment","target":["https:\/\/sportsrabbi.com\/en\/spacing-in-europa-ich-glaube-dass-europa-da-hinterherhinkt-martin-schiller-im-interview\/#respond"]}]},{"@type":"WebPage","@id":"https:\/\/sportsrabbi.com\/en\/spacing-in-europa-ich-glaube-dass-europa-da-hinterherhinkt-martin-schiller-im-interview\/","url":"https:\/\/sportsrabbi.com\/en\/spacing-in-europa-ich-glaube-dass-europa-da-hinterherhinkt-martin-schiller-im-interview\/","name":"Spacing in Europa: \u201eIch glaube, dass Europa da hinterherhinkt\u201c \u2013 Martin Schiller im Interview - Sports Rabbi","isPartOf":{"@id":"https:\/\/sportsrabbi.com\/en\/#website"},"primaryImageOfPage":{"@id":"https:\/\/sportsrabbi.com\/en\/spacing-in-europa-ich-glaube-dass-europa-da-hinterherhinkt-martin-schiller-im-interview\/#primaryimage"},"image":{"@id":"https:\/\/sportsrabbi.com\/en\/spacing-in-europa-ich-glaube-dass-europa-da-hinterherhinkt-martin-schiller-im-interview\/#primaryimage"},"thumbnailUrl":"https:\/\/sportsrabbi.com\/wp-content\/uploads\/2021\/03\/martin-schiller-celebrates-zalgiris-kaunas-eb20.jpeg","datePublished":"2021-03-22T11:30:07+00:00","dateModified":"2021-04-01T15:01:50+00:00","author":{"@id":"https:\/\/sportsrabbi.com\/en\/#\/schema\/person\/19373274fcfba96035cb88bf7d7fa966"},"description":"Seit Sommer 2020 ist Martin Schiller aktiv als Headcoach bei Zalgiris Kaunas und trat dort in die gro\u00dfen Fu\u00dfstapfen von Sarunas Jasikevicius.","inLanguage":"en-US","potentialAction":[{"@type":"ReadAction","target":["https:\/\/sportsrabbi.com\/en\/spacing-in-europa-ich-glaube-dass-europa-da-hinterherhinkt-martin-schiller-im-interview\/"]}]},{"@type":"ImageObject","inLanguage":"en-US","@id":"https:\/\/sportsrabbi.com\/en\/spacing-in-europa-ich-glaube-dass-europa-da-hinterherhinkt-martin-schiller-im-interview\/#primaryimage","url":"https:\/\/sportsrabbi.com\/wp-content\/uploads\/2021\/03\/martin-schiller-celebrates-zalgiris-kaunas-eb20.jpeg","contentUrl":"https:\/\/sportsrabbi.com\/wp-content\/uploads\/2021\/03\/martin-schiller-celebrates-zalgiris-kaunas-eb20.jpeg","width":1500,"height":638,"caption":"Martin Schiller - Photo Credit: Euroleague"},{"@type":"WebSite","@id":"https:\/\/sportsrabbi.com\/en\/#website","url":"https:\/\/sportsrabbi.com\/en\/","name":"Sports Rabbi","description":"The Home of Israeli Sports","potentialAction":[{"@type":"SearchAction","target":{"@type":"EntryPoint","urlTemplate":"https:\/\/sportsrabbi.com\/en\/?s={search_term_string}"},"query-input":{"@type":"PropertyValueSpecification","valueRequired":true,"valueName":"search_term_string"}}],"inLanguage":"en-US"},{"@type":"Person","@id":"https:\/\/sportsrabbi.com\/en\/#\/schema\/person\/19373274fcfba96035cb88bf7d7fa966","name":"Lukas Feldhaus","image":{"@type":"ImageObject","inLanguage":"en-US","@id":"https:\/\/sportsrabbi.com\/wp-content\/uploads\/2020\/12\/F4Tbn5HW.jpg-large-150x150.jpeg","url":"https:\/\/sportsrabbi.com\/wp-content\/uploads\/2020\/12\/F4Tbn5HW.jpg-large-150x150.jpeg","contentUrl":"https:\/\/sportsrabbi.com\/wp-content\/uploads\/2020\/12\/F4Tbn5HW.jpg-large-150x150.jpeg","caption":"Lukas Feldhaus"},"description":"Lukas Feldhaus is a global basketball expert and analyst located in Germany and a frequent guest on The Sports Rabbi Show. You can follow Lukas on Twitter @veilchenfeuer","url":"https:\/\/sportsrabbi.com\/en\/author\/lukas-feldhaus\/"}]}},"_links":{"self":[{"href":"https:\/\/sportsrabbi.com\/en\/wp-json\/wp\/v2\/posts\/31745","targetHints":{"allow":["GET"]}}],"collection":[{"href":"https:\/\/sportsrabbi.com\/en\/wp-json\/wp\/v2\/posts"}],"about":[{"href":"https:\/\/sportsrabbi.com\/en\/wp-json\/wp\/v2\/types\/post"}],"author":[{"embeddable":true,"href":"https:\/\/sportsrabbi.com\/en\/wp-json\/wp\/v2\/users\/19"}],"replies":[{"embeddable":true,"href":"https:\/\/sportsrabbi.com\/en\/wp-json\/wp\/v2\/comments?post=31745"}],"version-history":[{"count":7,"href":"https:\/\/sportsrabbi.com\/en\/wp-json\/wp\/v2\/posts\/31745\/revisions"}],"predecessor-version":[{"id":32201,"href":"https:\/\/sportsrabbi.com\/en\/wp-json\/wp\/v2\/posts\/31745\/revisions\/32201"}],"wp:featuredmedia":[{"embeddable":true,"href":"https:\/\/sportsrabbi.com\/en\/wp-json\/wp\/v2\/media\/31695"}],"wp:attachment":[{"href":"https:\/\/sportsrabbi.com\/en\/wp-json\/wp\/v2\/media?parent=31745"}],"wp:term":[{"taxonomy":"category","embeddable":true,"href":"https:\/\/sportsrabbi.com\/en\/wp-json\/wp\/v2\/categories?post=31745"},{"taxonomy":"post_tag","embeddable":true,"href":"https:\/\/sportsrabbi.com\/en\/wp-json\/wp\/v2\/tags?post=31745"}],"curies":[{"name":"wp","href":"https:\/\/api.w.org\/{rel}","templated":true}]}}