{"id":11880,"date":"2018-10-11T05:29:11","date_gmt":"2018-10-11T05:29:11","guid":{"rendered":"http:\/\/sportsrabbi.agpwebdesign.com\/?p=11880"},"modified":"2018-10-11T05:29:11","modified_gmt":"2018-10-11T05:29:11","slug":"im-excited-for-the-euroleague-season-david-blatt-olympiacos-bc","status":"publish","type":"post","link":"https:\/\/sportsrabbi.com\/en\/im-excited-for-the-euroleague-season-david-blatt-olympiacos-bc\/","title":{"rendered":"\u201cI\u2019m excited for the Euroleague season\u201d &#8211; David Blatt Olympiacos BC"},"content":{"rendered":"<p>Davis Blatt returns to the Euroleague with Olympiacos after leading Dar\u00fc\u015f\u015fafaka to the EuroCup title last year and he\u2019s looking forward to the challenges ahead. The Sports Rabbi visited Blatt and Zach LeDay who played last season with Hapoel Gilboa\/Galil before signing with the Piraeus based club over the summer at the Peace and Friendship Arena.<\/p>\n<p>\u201cI\u2019m excited for the Euroleague season even if it\u2019s not my first time and I feel very comfortable here. I\u2019m enjoying being part of this organization and I found a great group of people here. The expectations are as high as the support we get. I\u2019m waiting for every challenge and looking forward to the good things to come.\u201d<\/p>\n<p><iframe loading=\"lazy\" title=\"Zach LeDay Olympiacos\" width=\"1080\" height=\"608\" src=\"https:\/\/www.youtube.com\/embed\/hRdChlKrBWM?feature=oembed\" frameborder=\"0\" allow=\"accelerometer; autoplay; clipboard-write; encrypted-media; gyroscope; picture-in-picture\" allowfullscreen><\/iframe><\/p>\n","protected":false},"excerpt":{"rendered":"<p>Davis Blatt returns to the Euroleague with Olympiacos after leading Dar\u00fc\u015f\u015fafaka to the EuroCup title last year and he\u2019s looking forward to the challenges ahead. The Sports Rabbi visited Blatt and Zach LeDay who played last season with Hapoel Gilboa\/Galil before signing with the Piraeus based club over the summer at the Peace and Friendship [&hellip;]<\/p>\n","protected":false},"author":20,"featured_media":11882,"comment_status":"closed","ping_status":"closed","sticky":false,"template":"","format":"standard","meta":{"_et_pb_use_builder":"","_et_pb_old_content":"","_et_gb_content_width":"","footnotes":""},"categories":[8,9],"tags":[558,3,79,1201],"class_list":["post-11880","post","type-post","status-publish","format-standard","has-post-thumbnail","hentry","category-european-competitions-holy-land-hoops","category-holy-land-hoops","tag-david-blatt","tag-euroleague","tag-olympiacos","tag-zach-leday","et-has-post-format-content","et_post_format-et-post-format-standard"],"yoast_head":"<!-- This site is optimized with the Yoast SEO plugin v27.3 - https:\/\/yoast.com\/product\/yoast-seo-wordpress\/ -->\n<title>\u201cI\u2019m excited for the Euroleague season\u201d - David Blatt Olympiacos BC - Sports Rabbi<\/title>\n<meta name=\"robots\" content=\"index, follow, max-snippet:-1, max-image-preview:large, max-video-preview:-1\" \/>\n<link rel=\"canonical\" href=\"https:\/\/sportsrabbi.com\/en\/im-excited-for-the-euroleague-season-david-blatt-olympiacos-bc\/\" \/>\n<meta property=\"og:locale\" content=\"en_US\" \/>\n<meta property=\"og:type\" content=\"article\" \/>\n<meta property=\"og:title\" content=\"\u201cI\u2019m excited for the Euroleague season\u201d - David Blatt Olympiacos BC - Sports Rabbi\" \/>\n<meta property=\"og:description\" content=\"Davis Blatt returns to the Euroleague with Olympiacos after leading Dar\u00fc\u015f\u015fafaka to the EuroCup title last year and he\u2019s looking forward to the challenges ahead. The Sports Rabbi visited Blatt and Zach LeDay who played last season with Hapoel Gilboa\/Galil before signing with the Piraeus based club over the summer at the Peace and Friendship [&hellip;]\" \/>\n<meta property=\"og:url\" content=\"https:\/\/sportsrabbi.com\/en\/im-excited-for-the-euroleague-season-david-blatt-olympiacos-bc\/\" \/>\n<meta property=\"og:site_name\" content=\"Sports Rabbi\" \/>\n<meta property=\"article:published_time\" content=\"2018-10-11T05:29:11+00:00\" \/>\n<meta property=\"og:image\" content=\"https:\/\/sportsrabbi.com\/wp-content\/uploads\/2018\/10\/2B496791-9D06-4916-9921-6DDEDAC84119-scaled.jpeg\" \/>\n\t<meta property=\"og:image:width\" content=\"2560\" \/>\n\t<meta property=\"og:image:height\" content=\"1057\" \/>\n\t<meta property=\"og:image:type\" content=\"image\/jpeg\" \/>\n<meta name=\"author\" content=\"Joshua Halickman\" \/>\n<meta name=\"twitter:card\" content=\"summary_large_image\" \/>\n<meta name=\"twitter:label1\" content=\"Written by\" \/>\n\t<meta name=\"twitter:data1\" content=\"Joshua Halickman\" \/>\n\t<meta name=\"twitter:label2\" content=\"Est. reading time\" \/>\n\t<meta name=\"twitter:data2\" content=\"1 minute\" \/>\n<script type=\"application\/ld+json\" class=\"yoast-schema-graph\">{\"@context\":\"https:\\\/\\\/schema.org\",\"@graph\":[{\"@type\":\"Article\",\"@id\":\"https:\\\/\\\/sportsrabbi.com\\\/en\\\/im-excited-for-the-euroleague-season-david-blatt-olympiacos-bc\\\/#article\",\"isPartOf\":{\"@id\":\"https:\\\/\\\/sportsrabbi.com\\\/en\\\/im-excited-for-the-euroleague-season-david-blatt-olympiacos-bc\\\/\"},\"author\":{\"name\":\"Joshua Halickman\",\"@id\":\"https:\\\/\\\/sportsrabbi.com\\\/en\\\/#\\\/schema\\\/person\\\/10150053309b5bf124d40c3812a32bf0\"},\"headline\":\"\u201cI\u2019m excited for the Euroleague season\u201d &#8211; David Blatt Olympiacos BC\",\"datePublished\":\"2018-10-11T05:29:11+00:00\",\"mainEntityOfPage\":{\"@id\":\"https:\\\/\\\/sportsrabbi.com\\\/en\\\/im-excited-for-the-euroleague-season-david-blatt-olympiacos-bc\\\/\"},\"wordCount\":138,\"image\":{\"@id\":\"https:\\\/\\\/sportsrabbi.com\\\/en\\\/im-excited-for-the-euroleague-season-david-blatt-olympiacos-bc\\\/#primaryimage\"},\"thumbnailUrl\":\"https:\\\/\\\/sportsrabbi.com\\\/wp-content\\\/uploads\\\/2018\\\/10\\\/2B496791-9D06-4916-9921-6DDEDAC84119-scaled.jpeg\",\"keywords\":[\"david blatt\",\"euroleague\",\"Olympiacos\",\"Zach LeDay\"],\"articleSection\":[\"European Competitions\",\"Holyland Hoops\"],\"inLanguage\":\"en-US\"},{\"@type\":\"WebPage\",\"@id\":\"https:\\\/\\\/sportsrabbi.com\\\/en\\\/im-excited-for-the-euroleague-season-david-blatt-olympiacos-bc\\\/\",\"url\":\"https:\\\/\\\/sportsrabbi.com\\\/en\\\/im-excited-for-the-euroleague-season-david-blatt-olympiacos-bc\\\/\",\"name\":\"\u201cI\u2019m excited for the Euroleague season\u201d - David Blatt Olympiacos BC - Sports Rabbi\",\"isPartOf\":{\"@id\":\"https:\\\/\\\/sportsrabbi.com\\\/en\\\/#website\"},\"primaryImageOfPage\":{\"@id\":\"https:\\\/\\\/sportsrabbi.com\\\/en\\\/im-excited-for-the-euroleague-season-david-blatt-olympiacos-bc\\\/#primaryimage\"},\"image\":{\"@id\":\"https:\\\/\\\/sportsrabbi.com\\\/en\\\/im-excited-for-the-euroleague-season-david-blatt-olympiacos-bc\\\/#primaryimage\"},\"thumbnailUrl\":\"https:\\\/\\\/sportsrabbi.com\\\/wp-content\\\/uploads\\\/2018\\\/10\\\/2B496791-9D06-4916-9921-6DDEDAC84119-scaled.jpeg\",\"datePublished\":\"2018-10-11T05:29:11+00:00\",\"author\":{\"@id\":\"https:\\\/\\\/sportsrabbi.com\\\/en\\\/#\\\/schema\\\/person\\\/10150053309b5bf124d40c3812a32bf0\"},\"inLanguage\":\"en-US\",\"potentialAction\":[{\"@type\":\"ReadAction\",\"target\":[\"https:\\\/\\\/sportsrabbi.com\\\/en\\\/im-excited-for-the-euroleague-season-david-blatt-olympiacos-bc\\\/\"]}]},{\"@type\":\"ImageObject\",\"inLanguage\":\"en-US\",\"@id\":\"https:\\\/\\\/sportsrabbi.com\\\/en\\\/im-excited-for-the-euroleague-season-david-blatt-olympiacos-bc\\\/#primaryimage\",\"url\":\"https:\\\/\\\/sportsrabbi.com\\\/wp-content\\\/uploads\\\/2018\\\/10\\\/2B496791-9D06-4916-9921-6DDEDAC84119-scaled.jpeg\",\"contentUrl\":\"https:\\\/\\\/sportsrabbi.com\\\/wp-content\\\/uploads\\\/2018\\\/10\\\/2B496791-9D06-4916-9921-6DDEDAC84119-scaled.jpeg\",\"width\":2560,\"height\":1057},{\"@type\":\"WebSite\",\"@id\":\"https:\\\/\\\/sportsrabbi.com\\\/en\\\/#website\",\"url\":\"https:\\\/\\\/sportsrabbi.com\\\/en\\\/\",\"name\":\"Sports Rabbi\",\"description\":\"The Home of Israeli Sports\",\"potentialAction\":[{\"@type\":\"SearchAction\",\"target\":{\"@type\":\"EntryPoint\",\"urlTemplate\":\"https:\\\/\\\/sportsrabbi.com\\\/en\\\/?s={search_term_string}\"},\"query-input\":{\"@type\":\"PropertyValueSpecification\",\"valueRequired\":true,\"valueName\":\"search_term_string\"}}],\"inLanguage\":\"en-US\"},{\"@type\":\"Person\",\"@id\":\"https:\\\/\\\/sportsrabbi.com\\\/en\\\/#\\\/schema\\\/person\\\/10150053309b5bf124d40c3812a32bf0\",\"name\":\"Joshua Halickman\",\"image\":{\"@type\":\"ImageObject\",\"inLanguage\":\"en-US\",\"@id\":\"https:\\\/\\\/sportsrabbi.com\\\/wp-content\\\/uploads\\\/2020\\\/12\\\/WhatsApp-Image-2020-12-08-at-10.13.06-150x150.jpeg\",\"url\":\"https:\\\/\\\/sportsrabbi.com\\\/wp-content\\\/uploads\\\/2020\\\/12\\\/WhatsApp-Image-2020-12-08-at-10.13.06-150x150.jpeg\",\"contentUrl\":\"https:\\\/\\\/sportsrabbi.com\\\/wp-content\\\/uploads\\\/2020\\\/12\\\/WhatsApp-Image-2020-12-08-at-10.13.06-150x150.jpeg\",\"caption\":\"Joshua Halickman\"},\"description\":\"Joshua Halickman, The Sports Rabbi is the founder of the website and has been covering Israeli sports since 2004. The Sports Rabbi has gone to over 4,000 live sporting events in 25+ countries looking for the most exciting and intriguing stories. Josh has lectured to tens of thousands across the globe about the Zionism through Israeli Sports. You can follow Josh on Twitter @thesportsrabbi\",\"url\":\"https:\\\/\\\/sportsrabbi.com\\\/en\\\/author\\\/thesportsrabbiisrael\\\/\"}]}<\/script>\n<!-- \/ Yoast SEO plugin. -->","yoast_head_json":{"title":"\u201cI\u2019m excited for the Euroleague season\u201d - David Blatt Olympiacos BC - Sports Rabbi","robots":{"index":"index","follow":"follow","max-snippet":"max-snippet:-1","max-image-preview":"max-image-preview:large","max-video-preview":"max-video-preview:-1"},"canonical":"https:\/\/sportsrabbi.com\/en\/im-excited-for-the-euroleague-season-david-blatt-olympiacos-bc\/","og_locale":"en_US","og_type":"article","og_title":"\u201cI\u2019m excited for the Euroleague season\u201d - David Blatt Olympiacos BC - Sports Rabbi","og_description":"Davis Blatt returns to the Euroleague with Olympiacos after leading Dar\u00fc\u015f\u015fafaka to the EuroCup title last year and he\u2019s looking forward to the challenges ahead. The Sports Rabbi visited Blatt and Zach LeDay who played last season with Hapoel Gilboa\/Galil before signing with the Piraeus based club over the summer at the Peace and Friendship [&hellip;]","og_url":"https:\/\/sportsrabbi.com\/en\/im-excited-for-the-euroleague-season-david-blatt-olympiacos-bc\/","og_site_name":"Sports Rabbi","article_published_time":"2018-10-11T05:29:11+00:00","og_image":[{"width":2560,"height":1057,"url":"https:\/\/sportsrabbi.com\/wp-content\/uploads\/2018\/10\/2B496791-9D06-4916-9921-6DDEDAC84119-scaled.jpeg","type":"image\/jpeg"}],"author":"Joshua Halickman","twitter_card":"summary_large_image","twitter_misc":{"Written by":"Joshua Halickman","Est. reading time":"1 minute"},"schema":{"@context":"https:\/\/schema.org","@graph":[{"@type":"Article","@id":"https:\/\/sportsrabbi.com\/en\/im-excited-for-the-euroleague-season-david-blatt-olympiacos-bc\/#article","isPartOf":{"@id":"https:\/\/sportsrabbi.com\/en\/im-excited-for-the-euroleague-season-david-blatt-olympiacos-bc\/"},"author":{"name":"Joshua Halickman","@id":"https:\/\/sportsrabbi.com\/en\/#\/schema\/person\/10150053309b5bf124d40c3812a32bf0"},"headline":"\u201cI\u2019m excited for the Euroleague season\u201d &#8211; David Blatt Olympiacos BC","datePublished":"2018-10-11T05:29:11+00:00","mainEntityOfPage":{"@id":"https:\/\/sportsrabbi.com\/en\/im-excited-for-the-euroleague-season-david-blatt-olympiacos-bc\/"},"wordCount":138,"image":{"@id":"https:\/\/sportsrabbi.com\/en\/im-excited-for-the-euroleague-season-david-blatt-olympiacos-bc\/#primaryimage"},"thumbnailUrl":"https:\/\/sportsrabbi.com\/wp-content\/uploads\/2018\/10\/2B496791-9D06-4916-9921-6DDEDAC84119-scaled.jpeg","keywords":["david blatt","euroleague","Olympiacos","Zach LeDay"],"articleSection":["European Competitions","Holyland Hoops"],"inLanguage":"en-US"},{"@type":"WebPage","@id":"https:\/\/sportsrabbi.com\/en\/im-excited-for-the-euroleague-season-david-blatt-olympiacos-bc\/","url":"https:\/\/sportsrabbi.com\/en\/im-excited-for-the-euroleague-season-david-blatt-olympiacos-bc\/","name":"\u201cI\u2019m excited for the Euroleague season\u201d - David Blatt Olympiacos BC - Sports Rabbi","isPartOf":{"@id":"https:\/\/sportsrabbi.com\/en\/#website"},"primaryImageOfPage":{"@id":"https:\/\/sportsrabbi.com\/en\/im-excited-for-the-euroleague-season-david-blatt-olympiacos-bc\/#primaryimage"},"image":{"@id":"https:\/\/sportsrabbi.com\/en\/im-excited-for-the-euroleague-season-david-blatt-olympiacos-bc\/#primaryimage"},"thumbnailUrl":"https:\/\/sportsrabbi.com\/wp-content\/uploads\/2018\/10\/2B496791-9D06-4916-9921-6DDEDAC84119-scaled.jpeg","datePublished":"2018-10-11T05:29:11+00:00","author":{"@id":"https:\/\/sportsrabbi.com\/en\/#\/schema\/person\/10150053309b5bf124d40c3812a32bf0"},"inLanguage":"en-US","potentialAction":[{"@type":"ReadAction","target":["https:\/\/sportsrabbi.com\/en\/im-excited-for-the-euroleague-season-david-blatt-olympiacos-bc\/"]}]},{"@type":"ImageObject","inLanguage":"en-US","@id":"https:\/\/sportsrabbi.com\/en\/im-excited-for-the-euroleague-season-david-blatt-olympiacos-bc\/#primaryimage","url":"https:\/\/sportsrabbi.com\/wp-content\/uploads\/2018\/10\/2B496791-9D06-4916-9921-6DDEDAC84119-scaled.jpeg","contentUrl":"https:\/\/sportsrabbi.com\/wp-content\/uploads\/2018\/10\/2B496791-9D06-4916-9921-6DDEDAC84119-scaled.jpeg","width":2560,"height":1057},{"@type":"WebSite","@id":"https:\/\/sportsrabbi.com\/en\/#website","url":"https:\/\/sportsrabbi.com\/en\/","name":"Sports Rabbi","description":"The Home of Israeli Sports","potentialAction":[{"@type":"SearchAction","target":{"@type":"EntryPoint","urlTemplate":"https:\/\/sportsrabbi.com\/en\/?s={search_term_string}"},"query-input":{"@type":"PropertyValueSpecification","valueRequired":true,"valueName":"search_term_string"}}],"inLanguage":"en-US"},{"@type":"Person","@id":"https:\/\/sportsrabbi.com\/en\/#\/schema\/person\/10150053309b5bf124d40c3812a32bf0","name":"Joshua Halickman","image":{"@type":"ImageObject","inLanguage":"en-US","@id":"https:\/\/sportsrabbi.com\/wp-content\/uploads\/2020\/12\/WhatsApp-Image-2020-12-08-at-10.13.06-150x150.jpeg","url":"https:\/\/sportsrabbi.com\/wp-content\/uploads\/2020\/12\/WhatsApp-Image-2020-12-08-at-10.13.06-150x150.jpeg","contentUrl":"https:\/\/sportsrabbi.com\/wp-content\/uploads\/2020\/12\/WhatsApp-Image-2020-12-08-at-10.13.06-150x150.jpeg","caption":"Joshua Halickman"},"description":"Joshua Halickman, The Sports Rabbi is the founder of the website and has been covering Israeli sports since 2004. The Sports Rabbi has gone to over 4,000 live sporting events in 25+ countries looking for the most exciting and intriguing stories. Josh has lectured to tens of thousands across the globe about the Zionism through Israeli Sports. You can follow Josh on Twitter @thesportsrabbi","url":"https:\/\/sportsrabbi.com\/en\/author\/thesportsrabbiisrael\/"}]}},"_links":{"self":[{"href":"https:\/\/sportsrabbi.com\/en\/wp-json\/wp\/v2\/posts\/11880","targetHints":{"allow":["GET"]}}],"collection":[{"href":"https:\/\/sportsrabbi.com\/en\/wp-json\/wp\/v2\/posts"}],"about":[{"href":"https:\/\/sportsrabbi.com\/en\/wp-json\/wp\/v2\/types\/post"}],"author":[{"embeddable":true,"href":"https:\/\/sportsrabbi.com\/en\/wp-json\/wp\/v2\/users\/20"}],"replies":[{"embeddable":true,"href":"https:\/\/sportsrabbi.com\/en\/wp-json\/wp\/v2\/comments?post=11880"}],"version-history":[{"count":0,"href":"https:\/\/sportsrabbi.com\/en\/wp-json\/wp\/v2\/posts\/11880\/revisions"}],"wp:featuredmedia":[{"embeddable":true,"href":"https:\/\/sportsrabbi.com\/en\/wp-json\/wp\/v2\/media\/11882"}],"wp:attachment":[{"href":"https:\/\/sportsrabbi.com\/en\/wp-json\/wp\/v2\/media?parent=11880"}],"wp:term":[{"taxonomy":"category","embeddable":true,"href":"https:\/\/sportsrabbi.com\/en\/wp-json\/wp\/v2\/categories?post=11880"},{"taxonomy":"post_tag","embeddable":true,"href":"https:\/\/sportsrabbi.com\/en\/wp-json\/wp\/v2\/tags?post=11880"}],"curies":[{"name":"wp","href":"https:\/\/api.w.org\/{rel}","templated":true}]}}